{"id":3980,"date":"2018-08-18T12:29:03","date_gmt":"2018-08-18T12:29:03","guid":{"rendered":"http:\/\/ferbo.es\/?p=3980"},"modified":"2018-08-25T18:14:05","modified_gmt":"2018-08-25T18:14:05","slug":"los-hogares-con-calefaccion-central-tendran-que-instalar-nuevos-contadores","status":"publish","type":"post","link":"https:\/\/ferbo.es\/?p=3980","title":{"rendered":"Los hogares con calefacci\u00f3n central tendr\u00e1n que instalar nuevos contadores"},"content":{"rendered":"<p>Se prevee que para 2017 cada vecino de un inmueble con calefacci\u00f3n central a gas pagar\u00e1 por la energ\u00eda que consuma, no por su coeficiente de participaci\u00f3n. La medida busca la eficiencia energ\u00e9tica y un pago m\u00e1s justo por la calefacci\u00f3n, aunque conllevar\u00e1 un destacado gasto en instalaciones.<\/p>\n<p>El Parlamento Europeo dict\u00f3 en 2012 una directiva de eficiencia energ\u00e9tica que obliga a todos los edificios con instalaciones de climatizaci\u00f3n central a instalar contadores de consumo individuales. El objetivo de esta medida pasa por repartir el gasto centralizado, de manera que lo que paga cada propietario se acerque lo m\u00e1s posible a la energ\u00eda que realmente gasta. El Real Decreto que transpone esta directiva, cuya fecha prevista era junio de 2014, todav\u00eda no ha sido promulgado, pero lo ser\u00e1 en breve<\/p>\n<p>Fuente: OCU<\/p>\n","protected":false},"excerpt":{"rendered":"<p>Se prevee que para 2017 cada vecino de un inmueble con calefacci\u00f3n central a gas pagar\u00e1 por la energ\u00eda que consuma, no por su coeficiente de participaci\u00f3n. La medida busca la eficiencia energ\u00e9tica y un pago m\u00e1s justo por la calefacci\u00f3n, aunque conllevar\u00e1 un destacado gasto en instalaciones. El Parlamento Europeo dict\u00f3 en 2012 una directiva de eficiencia energ\u00e9tica que obliga a todos los edificios con instalaciones de climatizaci\u00f3n central a instalar contadores de consumo individuales. El objetivo de esta medida pasa por repartir el gasto centralizado, de manera que lo que paga cada propietario se acerque lo m\u00e1s posible a la energ\u00eda que realmente gasta. El Real Decreto que transpone esta directiva, cuya fecha prevista era junio de 2014, todav\u00eda no ha sido promulgado, pero lo ser\u00e1 en breve Fuente: OCU<\/p>\n","protected":false},"author":1,"featured_media":0,"comment_status":"closed","ping_status":"closed","sticky":false,"template":"","format":"standard","meta":[],"categories":[55],"tags":[],"yoast_head":"<!-- This site is optimized with the Yoast SEO plugin v16.2 - https:\/\/yoast.com\/wordpress\/plugins\/seo\/ -->\n<meta name=\"robots\" content=\"index, follow, max-snippet:-1, max-image-preview:large, max-video-preview:-1\" \/>\n<link rel=\"canonical\" href=\"https:\/\/ferbo.es\/?p=3980\" \/>\n<meta property=\"og:locale\" content=\"es_ES\" \/>\n<meta property=\"og:type\" content=\"article\" \/>\n<meta property=\"og:title\" content=\"Los hogares con calefacci\u00f3n central tendr\u00e1n que instalar nuevos contadores - FERBO\" \/>\n<meta property=\"og:description\" content=\"Se prevee que para 2017 cada vecino de un inmueble con calefacci\u00f3n central a gas pagar\u00e1 por la energ\u00eda que consuma, no por su coeficiente de participaci\u00f3n. La medida busca la eficiencia energ\u00e9tica y un pago m\u00e1s justo por la calefacci\u00f3n, aunque conllevar\u00e1 un destacado gasto en instalaciones. El Parlamento Europeo dict\u00f3 en 2012 una directiva de eficiencia energ\u00e9tica que obliga a todos los edificios con instalaciones de climatizaci\u00f3n central a instalar contadores de consumo individuales. El objetivo de esta medida pasa por repartir el gasto centralizado, de manera que lo que paga cada propietario se acerque lo m\u00e1s posible a la energ\u00eda que realmente gasta. El Real Decreto que transpone esta directiva, cuya fecha prevista era junio de 2014, todav\u00eda no ha sido promulgado, pero lo ser\u00e1 en breve Fuente: OCU\" \/>\n<meta property=\"og:url\" content=\"https:\/\/ferbo.es\/?p=3980\" \/>\n<meta property=\"og:site_name\" content=\"FERBO\" \/>\n<meta property=\"article:published_time\" content=\"2018-08-18T12:29:03+00:00\" \/>\n<meta property=\"article:modified_time\" content=\"2018-08-25T18:14:05+00:00\" \/>\n<meta name=\"twitter:card\" content=\"summary\" \/>\n<meta name=\"twitter:label1\" content=\"Tiempo de lectura\">\n\t<meta name=\"twitter:data1\" content=\"1 minuto\">\n<script type=\"application\/ld+json\" class=\"yoast-schema-graph\">{\"@context\":\"https:\/\/schema.org\",\"@graph\":[{\"@type\":\"WebSite\",\"@id\":\"https:\/\/ferbo.es\/#website\",\"url\":\"https:\/\/ferbo.es\/\",\"name\":\"FERBO\",\"description\":\"Calefacci\\u00f3n, agua sanitaria, climatizaci\\u00f3n centralizada, Madrid\",\"potentialAction\":[{\"@type\":\"SearchAction\",\"target\":\"https:\/\/ferbo.es\/?s={search_term_string}\",\"query-input\":\"required name=search_term_string\"}],\"inLanguage\":\"es\"},{\"@type\":\"WebPage\",\"@id\":\"https:\/\/ferbo.es\/?p=3980#webpage\",\"url\":\"https:\/\/ferbo.es\/?p=3980\",\"name\":\"Los hogares con calefacci\\u00f3n central tendr\\u00e1n que instalar nuevos contadores - FERBO\",\"isPartOf\":{\"@id\":\"https:\/\/ferbo.es\/#website\"},\"datePublished\":\"2018-08-18T12:29:03+00:00\",\"dateModified\":\"2018-08-25T18:14:05+00:00\",\"author\":{\"@id\":\"https:\/\/ferbo.es\/#\/schema\/person\/a72186a1d0058444dfa9ca848d70f981\"},\"breadcrumb\":{\"@id\":\"https:\/\/ferbo.es\/?p=3980#breadcrumb\"},\"inLanguage\":\"es\",\"potentialAction\":[{\"@type\":\"ReadAction\",\"target\":[\"https:\/\/ferbo.es\/?p=3980\"]}]},{\"@type\":\"BreadcrumbList\",\"@id\":\"https:\/\/ferbo.es\/?p=3980#breadcrumb\",\"itemListElement\":[{\"@type\":\"ListItem\",\"position\":1,\"item\":{\"@type\":\"WebPage\",\"@id\":\"https:\/\/ferbo.es\/\",\"url\":\"https:\/\/ferbo.es\/\",\"name\":\"Portada\"}},{\"@type\":\"ListItem\",\"position\":2,\"item\":{\"@id\":\"https:\/\/ferbo.es\/?p=3980#webpage\"}}]},{\"@type\":\"Person\",\"@id\":\"https:\/\/ferbo.es\/#\/schema\/person\/a72186a1d0058444dfa9ca848d70f981\",\"name\":\"admin1967\",\"image\":{\"@type\":\"ImageObject\",\"@id\":\"https:\/\/ferbo.es\/#personlogo\",\"inLanguage\":\"es\",\"url\":\"https:\/\/secure.gravatar.com\/avatar\/2fc6ea354d23b3e03a5a4bc383057d9a?s=96&d=mm&r=g\",\"contentUrl\":\"https:\/\/secure.gravatar.com\/avatar\/2fc6ea354d23b3e03a5a4bc383057d9a?s=96&d=mm&r=g\",\"caption\":\"admin1967\"}}]}<\/script>\n<!-- \/ Yoast SEO plugin. -->","_links":{"self":[{"href":"https:\/\/ferbo.es\/index.php?rest_route=\/wp\/v2\/posts\/3980"}],"collection":[{"href":"https:\/\/ferbo.es\/index.php?rest_route=\/wp\/v2\/posts"}],"about":[{"href":"https:\/\/ferbo.es\/index.php?rest_route=\/wp\/v2\/types\/post"}],"author":[{"embeddable":true,"href":"https:\/\/ferbo.es\/index.php?rest_route=\/wp\/v2\/users\/1"}],"replies":[{"embeddable":true,"href":"https:\/\/ferbo.es\/index.php?rest_route=%2Fwp%2Fv2%2Fcomments&post=3980"}],"version-history":[{"count":2,"href":"https:\/\/ferbo.es\/index.php?rest_route=\/wp\/v2\/posts\/3980\/revisions"}],"predecessor-version":[{"id":4241,"href":"https:\/\/ferbo.es\/index.php?rest_route=\/wp\/v2\/posts\/3980\/revisions\/4241"}],"wp:attachment":[{"href":"https:\/\/ferbo.es\/index.php?rest_route=%2Fwp%2Fv2%2Fmedia&parent=3980"}],"wp:term":[{"taxonomy":"category","embeddable":true,"href":"https:\/\/ferbo.es\/index.php?rest_route=%2Fwp%2Fv2%2Fcategories&post=3980"},{"taxonomy":"post_tag","embeddable":true,"href":"https:\/\/ferbo.es\/index.php?rest_route=%2Fwp%2Fv2%2Ftags&post=3980"}],"curies":[{"name":"wp","href":"https:\/\/api.w.org\/{rel}","templated":true}]}}